{"id":358,"date":"2020-04-10T23:51:00","date_gmt":"2020-04-10T22:51:00","guid":{"rendered":"https:\/\/www.dalmatien-online.de\/?p=358"},"modified":"2020-05-08T00:17:47","modified_gmt":"2020-05-07T23:17:47","slug":"mirno-more-friedensflotte","status":"publish","type":"post","link":"https:\/\/www.dalmatien-online.de\/de\/2020\/04\/10\/mirno-more-friedensflotte\/","title":{"rendered":"Mirno More Friedensflotte"},"content":{"rendered":"\n<div class=\"wp-block-group\"><div class=\"wp-block-group__inner-container is-layout-flow wp-block-group-is-layout-flow\">\n<p>Das f\u00fcr den 19. bis 26. September 2020 angek\u00fcndigte, gr\u00f6\u00dfte sozialp\u00e4dagogische Segelprojekt Europas, die&nbsp;<strong>\u201e<\/strong>friedensflotte mirno more 2020\u201c,  wurde <a rel=\"noreferrer noopener\" href=\"https:\/\/www.dalmatien-online.de\/wp-content\/uploads\/2020\/05\/04-2020_mirno-more-COVID19.pdf\" target=\"_blank\">abgesagt<\/a>. Zum 25. Mal sollten dieses Jahr die in den letzten zehn Jahren regelm\u00e4\u00dfig \u00fcber 100 Segelyachten vor der K\u00fcste Kroatiens gemeinsam in See stechen. <a href=\"http:\/\/www.mirnomore.org\/assets\/Folder_Allgemein_2016_de.pdf\" target=\"_blank\" rel=\"noreferrer noopener\">Hier<\/a> finden Sie weitere Informationen zum Projekt.<\/p>\n\n\n\n<figure class=\"wp-block-image size-large\"><img loading=\"lazy\" decoding=\"async\" width=\"800\" height=\"533\" src=\"https:\/\/www.dalmatien-online.de\/wp-content\/uploads\/2020\/05\/mirno-more-people-peace.jpg\" alt=\"\" class=\"wp-image-363\" srcset=\"https:\/\/www.dalmatien-online.de\/wp-content\/uploads\/2020\/05\/mirno-more-people-peace.jpg 800w, https:\/\/www.dalmatien-online.de\/wp-content\/uploads\/2020\/05\/mirno-more-people-peace-300x200.jpg 300w, https:\/\/www.dalmatien-online.de\/wp-content\/uploads\/2020\/05\/mirno-more-people-peace-768x512.jpg 768w, https:\/\/www.dalmatien-online.de\/wp-content\/uploads\/2020\/05\/mirno-more-people-peace-250x167.jpg 250w, https:\/\/www.dalmatien-online.de\/wp-content\/uploads\/2020\/05\/mirno-more-people-peace-400x267.jpg 400w\" sizes=\"auto, (max-width: 800px) 100vw, 800px\" \/><\/figure>\n<\/div><\/div>\n\n\n\n<p><a rel=\"noreferrer noopener\" href=\"http:\/\/www.mirnomore.org\/mirno-more\/friedensflotte\" target=\"_blank\">Mirno More Peacefleet<\/a> &#8211; seit 1992<\/p>\n\n\n\n<p><a rel=\"noreferrer noopener\" href=\"https:\/\/www.youtube.com\/user\/friedensflotte\" target=\"_blank\">youtube-Kanal mirno mor<\/a><a href=\"https:\/\/www.youtube.com\/user\/friedensflotte\" target=\"_blank\" rel=\"noreferrer noopener\">e<\/a><\/p>\n\n\n\n<figure class=\"wp-block-embed-youtube wp-block-embed is-type-video is-provider-youtube wp-embed-aspect-16-9 wp-has-aspect-ratio\"><div class=\"wp-block-embed__wrapper\">\n<iframe loading=\"lazy\" title=\"Einsch\u00e4tzung der Situation COVID19 - friedensflotte mirno more 2020 in Kroatien\" width=\"800\" height=\"450\" src=\"https:\/\/www.youtube.com\/embed\/6R43eqPcUMg?feature=oembed\" frameborder=\"0\" allow=\"accelerometer; autoplay; encrypted-media; gyroscope; picture-in-picture\" allowfullscreen><\/iframe>\n<\/div><\/figure>\n\n\n\n<div class=\"wp-block-file\"><a href=\"https:\/\/www.dalmatien-online.de\/wp-content\/uploads\/2020\/05\/04-2020_mirno-more-COVID19.pdf\">04-2020_mirno-more-COVID19<\/a><a href=\"https:\/\/www.dalmatien-online.de\/wp-content\/uploads\/2020\/05\/04-2020_mirno-more-COVID19.pdf\" class=\"wp-block-file__button\" download>Herunterladen<\/a><\/div>\n","protected":false},"excerpt":{"rendered":"<p>Das f\u00fcr den 19. bis 26. September 2020 angek\u00fcndigte, gr\u00f6\u00dfte sozialp\u00e4dagogische Segelprojekt Europas, die&nbsp;\u201efriedensflotte mirno more 2020\u201c, wurde abgesagt. Zum 25. Mal sollten dieses Jahr die in den letzten zehn <a class=\"more-link\" href=\"https:\/\/www.dalmatien-online.de\/de\/2020\/04\/10\/mirno-more-friedensflotte\/\">weiterlesen&#8230;<\/a><\/p>\n","protected":false},"author":1,"featured_media":366,"comment_status":"closed","ping_status":"closed","sticky":false,"template":"","format":"standard","meta":{"footnotes":"","_links_to":"","_links_to_target":""},"categories":[153],"tags":[],"class_list":["post-358","post","type-post","status-publish","format-standard","has-post-thumbnail","hentry","category-corona"],"_links":{"self":[{"href":"https:\/\/www.dalmatien-online.de\/de\/wp-json\/wp\/v2\/posts\/358","targetHints":{"allow":["GET"]}}],"collection":[{"href":"https:\/\/www.dalmatien-online.de\/de\/wp-json\/wp\/v2\/posts"}],"about":[{"href":"https:\/\/www.dalmatien-online.de\/de\/wp-json\/wp\/v2\/types\/post"}],"author":[{"embeddable":true,"href":"https:\/\/www.dalmatien-online.de\/de\/wp-json\/wp\/v2\/users\/1"}],"replies":[{"embeddable":true,"href":"https:\/\/www.dalmatien-online.de\/de\/wp-json\/wp\/v2\/comments?post=358"}],"version-history":[{"count":4,"href":"https:\/\/www.dalmatien-online.de\/de\/wp-json\/wp\/v2\/posts\/358\/revisions"}],"predecessor-version":[{"id":368,"href":"https:\/\/www.dalmatien-online.de\/de\/wp-json\/wp\/v2\/posts\/358\/revisions\/368"}],"wp:featuredmedia":[{"embeddable":true,"href":"https:\/\/www.dalmatien-online.de\/de\/wp-json\/wp\/v2\/media\/366"}],"wp:attachment":[{"href":"https:\/\/www.dalmatien-online.de\/de\/wp-json\/wp\/v2\/media?parent=358"}],"wp:term":[{"taxonomy":"category","embeddable":true,"href":"https:\/\/www.dalmatien-online.de\/de\/wp-json\/wp\/v2\/categories?post=358"},{"taxonomy":"post_tag","embeddable":true,"href":"https:\/\/www.dalmatien-online.de\/de\/wp-json\/wp\/v2\/tags?post=358"}],"curies":[{"name":"wp","href":"https:\/\/api.w.org\/{rel}","templated":true}]}}