{"id":3515,"date":"2020-10-03T08:23:19","date_gmt":"2020-10-03T07:23:19","guid":{"rendered":"https:\/\/www.dalmatien-online.de\/?p=3515"},"modified":"2020-10-03T08:25:13","modified_gmt":"2020-10-03T07:25:13","slug":"andro-petric-iz-starog-grada","status":"publish","type":"post","link":"https:\/\/www.dalmatien-online.de\/en\/2020\/10\/03\/andro-petric-iz-starog-grada\/","title":{"rendered":"Andro Petri\u0107 iz Starog Grada"},"content":{"rendered":"<p><\/p>\n\n\n\n<figure class=\"wp-block-embed-youtube aligncenter wp-block-embed is-type-video is-provider-youtube wp-embed-aspect-16-9 wp-has-aspect-ratio\"><div class=\"wp-block-embed__wrapper\">\n<iframe loading=\"lazy\" title=\"Barba Andro Petri\u0107 iz Starog Grada otok Hvar 103 godine PULS HRT  28.11.19.\" width=\"800\" height=\"450\" src=\"https:\/\/www.youtube.com\/embed\/ez80_7bwy7g?feature=oembed\" frameborder=\"0\" allow=\"accelerometer; autoplay; clipboard-write; encrypted-media; gyroscope; picture-in-picture\" allowfullscreen><\/iframe>\n<\/div><\/figure>\n\n\n\n<p><strong>Barba Andro Petri\u0107<\/strong>, Fischer und lebende Legende in Stari Grad auf der Insel Hvar in Dalmatien.<\/p>\n\n\n\n<p>104 Jahre alt, am Abend eines jeden Tages nach einem Gl\u00e4sschen <a rel=\"noreferrer noopener\" href=\"https:\/\/hr.wikipedia.org\/wiki\/Bevanda\" target=\"_blank\">Bevanda<\/a> und ein paar Selbstgedrehten  mit einem L\u00e4cheln im Gesicht und auf seinen Gehstock und den Arm eines Freundes gest\u00fctzt auf dem Nachhauseweg von der Prva Sportska Kladionica zu sehen. Weder Weltkriege, noch die immer h\u00e4ufiger werdenden Springfluten in Stari Grad, noch die vielen Jahre k\u00f6nnen den Ribar davon abhalten, nach getaner Arbeit gemeinsam mit den anderen Stari Grader Fischersleuten am Kartentisch zu sitzen. <\/p>","protected":false},"excerpt":{"rendered":"<p>Barba Andro Petri\u0107, Fischer und lebende Legende in Stari Grad auf der Insel Hvar in Dalmatien. 104 Jahre alt, am Abend eines jeden Tages nach einem Gl\u00e4sschen Bevanda und ein <a class=\"more-link\" href=\"https:\/\/www.dalmatien-online.de\/en\/2020\/10\/03\/andro-petric-iz-starog-grada\/\">weiterlesen&#8230;<\/a><\/p>","protected":false},"author":1,"featured_media":3516,"comment_status":"closed","ping_status":"closed","sticky":false,"template":"","format":"standard","meta":{"footnotes":"","_links_to":"","_links_to_target":""},"categories":[1,49],"tags":[],"class_list":["post-3515","post","type-post","status-publish","format-standard","has-post-thumbnail","hentry","category-allgemein","category-stari-grad-hvar"],"_links":{"self":[{"href":"https:\/\/www.dalmatien-online.de\/en\/wp-json\/wp\/v2\/posts\/3515","targetHints":{"allow":["GET"]}}],"collection":[{"href":"https:\/\/www.dalmatien-online.de\/en\/wp-json\/wp\/v2\/posts"}],"about":[{"href":"https:\/\/www.dalmatien-online.de\/en\/wp-json\/wp\/v2\/types\/post"}],"author":[{"embeddable":true,"href":"https:\/\/www.dalmatien-online.de\/en\/wp-json\/wp\/v2\/users\/1"}],"replies":[{"embeddable":true,"href":"https:\/\/www.dalmatien-online.de\/en\/wp-json\/wp\/v2\/comments?post=3515"}],"version-history":[{"count":2,"href":"https:\/\/www.dalmatien-online.de\/en\/wp-json\/wp\/v2\/posts\/3515\/revisions"}],"predecessor-version":[{"id":3519,"href":"https:\/\/www.dalmatien-online.de\/en\/wp-json\/wp\/v2\/posts\/3515\/revisions\/3519"}],"wp:featuredmedia":[{"embeddable":true,"href":"https:\/\/www.dalmatien-online.de\/en\/wp-json\/wp\/v2\/media\/3516"}],"wp:attachment":[{"href":"https:\/\/www.dalmatien-online.de\/en\/wp-json\/wp\/v2\/media?parent=3515"}],"wp:term":[{"taxonomy":"category","embeddable":true,"href":"https:\/\/www.dalmatien-online.de\/en\/wp-json\/wp\/v2\/categories?post=3515"},{"taxonomy":"post_tag","embeddable":true,"href":"https:\/\/www.dalmatien-online.de\/en\/wp-json\/wp\/v2\/tags?post=3515"}],"curies":[{"name":"wp","href":"https:\/\/api.w.org\/{rel}","templated":true}]}}